{"id":674,"date":"2013-12-10T16:13:45","date_gmt":"2013-12-10T15:13:45","guid":{"rendered":"http:\/\/www.lamerci.org\/?p=674"},"modified":"2013-12-10T16:29:28","modified_gmt":"2013-12-10T15:29:28","slug":"la-retraite-anticipee","status":"publish","type":"post","link":"https:\/\/www.lamerci.org\/?p=674","title":{"rendered":"La retraite anticip\u00e9e"},"content":{"rendered":"<p><a href=\"http:\/\/www.unapei.org\/La-retraite-anticipee.html\">La r\u00e9mun\u00e9ration des travailleurs handicap\u00e9s &#8211; La retraite anticip\u00e9e &#8211; Unapei<\/a>.<\/p>\n","protected":false},"excerpt":{"rendered":"<p>La r\u00e9mun\u00e9ration des travailleurs handicap\u00e9s &#8211; La retraite anticip\u00e9e &#8211; Unapei.<\/p>\n","protected":false},"author":1,"featured_media":0,"comment_status":"closed","ping_status":"open","sticky":false,"template":"","format":"standard","meta":{"_exactmetrics_skip_tracking":false,"_exactmetrics_sitenote_active":false,"_exactmetrics_sitenote_note":"","_exactmetrics_sitenote_category":0},"categories":[12],"tags":[],"_links":{"self":[{"href":"https:\/\/www.lamerci.org\/index.php?rest_route=\/wp\/v2\/posts\/674"}],"collection":[{"href":"https:\/\/www.lamerci.org\/index.php?rest_route=\/wp\/v2\/posts"}],"about":[{"href":"https:\/\/www.lamerci.org\/index.php?rest_route=\/wp\/v2\/types\/post"}],"author":[{"embeddable":true,"href":"https:\/\/www.lamerci.org\/index.php?rest_route=\/wp\/v2\/users\/1"}],"replies":[{"embeddable":true,"href":"https:\/\/www.lamerci.org\/index.php?rest_route=%2Fwp%2Fv2%2Fcomments&post=674"}],"version-history":[{"count":1,"href":"https:\/\/www.lamerci.org\/index.php?rest_route=\/wp\/v2\/posts\/674\/revisions"}],"predecessor-version":[{"id":675,"href":"https:\/\/www.lamerci.org\/index.php?rest_route=\/wp\/v2\/posts\/674\/revisions\/675"}],"wp:attachment":[{"href":"https:\/\/www.lamerci.org\/index.php?rest_route=%2Fwp%2Fv2%2Fmedia&parent=674"}],"wp:term":[{"taxonomy":"category","embeddable":true,"href":"https:\/\/www.lamerci.org\/index.php?rest_route=%2Fwp%2Fv2%2Fcategories&post=674"},{"taxonomy":"post_tag","embeddable":true,"href":"https:\/\/www.lamerci.org\/index.php?rest_route=%2Fwp%2Fv2%2Ftags&post=674"}],"curies":[{"name":"wp","href":"https:\/\/api.w.org\/{rel}","templated":true}]}}